{"id":732,"date":"2024-09-26T16:15:04","date_gmt":"2024-09-26T16:15:04","guid":{"rendered":"https:\/\/redunete.net\/home\/?p=732"},"modified":"2024-09-26T21:17:28","modified_gmt":"2024-09-26T21:17:28","slug":"universidad-javeriana","status":"publish","type":"post","link":"https:\/\/redunete.net\/home\/universidad-javeriana\/","title":{"rendered":"Universidad Javeriana"},"content":{"rendered":"\n<p><\/p>\n\n\n\n<div class=\"wp-block-columns are-vertically-aligned-center is-layout-flex wp-container-core-columns-is-layout-28f84493 wp-block-columns-is-layout-flex\">\n<div class=\"wp-block-column is-vertically-aligned-center is-layout-flow wp-block-column-is-layout-flow\" style=\"flex-basis:33.33%\">\n<figure class=\"wp-block-image size-full is-resized\"><img decoding=\"async\" width=\"150\" height=\"150\" src=\"https:\/\/redunete.net\/home\/wp-content\/uploads\/2024\/09\/Diapositiva6-150x150-1.webp\" alt=\"\" class=\"wp-image-289\" style=\"width:207px;height:auto\"\/><\/figure>\n<\/div>\n\n\n\n<div class=\"wp-block-column is-vertically-aligned-center is-layout-flow wp-block-column-is-layout-flow\" style=\"flex-basis:66.66%\">\n<p><strong>La Pontificia Universidad Javeriana<\/strong> es fundada y dirigida por la Compa\u00f1\u00eda de Jes\u00fas desde 1623. Su misi\u00f3n afirma que la investigaci\u00f3n es una de sus tres tareas principales, junto con la ense\u00f1anza y un servicio de excelencia, enmarcada dentro de una universidad integrada a un pa\u00eds de regiones, con una perspectiva global e interdisciplinaria. <\/p>\n<\/div>\n<\/div>\n\n\n\n<p>Concibe la creaci\u00f3n y el desarrollo del conocimiento y la cultura desde una perspectiva cr\u00edtica e innovadora, para llegar a una sociedad que sea justa, sostenible, inclusiva, democr\u00e1tica, solidaria y respetuosa de la dignidad humana.<\/p>\n\n\n\n<p>La Facultad de Educaci\u00f3n de la Pontificia Universidad Javeriana se estableci\u00f3 en 1965 con una larga tradici\u00f3n en cursos de Pedagog\u00eda. A nivel nacional, la PUJ fue pionera en el desarrollo acad\u00e9mico, ofreciendo programas de formaci\u00f3n docente, mediante la formaci\u00f3n a nivel nacional a trav\u00e9s de educaci\u00f3n a distancia y e-learning. El grupo de investigaci\u00f3n In-novum Educatio, L\u00ednea de Innovaci\u00f3n en educaci\u00f3n con uso de tecnolog\u00edas (Categor\u00eda B en Colciencias, COL 0066042) lidera los proyectos de incorporaci\u00f3n de tecnolog\u00edas en la educaci\u00f3n y la propuesta de virtualizaci\u00f3n de los programas de la Facultad.<\/p>\n","protected":false},"excerpt":{"rendered":"<p>La Pontificia Universidad Javeriana es fundada y dirigida por la Compa\u00f1\u00eda de Jes\u00fas desde 1623. Su misi\u00f3n afirma que la [&hellip;]<\/p>\n","protected":false},"author":2,"featured_media":289,"comment_status":"open","ping_status":"open","sticky":false,"template":"","format":"standard","meta":{"site-sidebar-layout":"default","site-content-layout":"","ast-site-content-layout":"default","site-content-style":"default","site-sidebar-style":"default","ast-global-header-display":"","ast-banner-title-visibility":"","ast-main-header-display":"","ast-hfb-above-header-display":"","ast-hfb-below-header-display":"","ast-hfb-mobile-header-display":"","site-post-title":"","ast-breadcrumbs-content":"","ast-featured-img":"","footer-sml-layout":"","ast-disable-related-posts":"","theme-transparent-header-meta":"","adv-header-id-meta":"","stick-header-meta":"","header-above-stick-meta":"","header-main-stick-meta":"","header-below-stick-meta":"","astra-migrate-meta-layouts":"default","ast-page-background-enabled":"default","ast-page-background-meta":{"desktop":{"background-color":"var(--ast-global-color-4)","background-image":"","background-repeat":"repeat","background-position":"center center","background-size":"auto","background-attachment":"scroll","background-type":"","background-media":"","overlay-type":"","overlay-color":"","overlay-opacity":"","overlay-gradient":""},"tablet":{"background-color":"","background-image":"","background-repeat":"repeat","background-position":"center center","background-size":"auto","background-attachment":"scroll","background-type":"","background-media":"","overlay-type":"","overlay-color":"","overlay-opacity":"","overlay-gradient":""},"mobile":{"background-color":"","background-image":"","background-repeat":"repeat","background-position":"center center","background-size":"auto","background-attachment":"scroll","background-type":"","background-media":"","overlay-type":"","overlay-color":"","overlay-opacity":"","overlay-gradient":""}},"ast-content-background-meta":{"desktop":{"background-color":"var(--ast-global-color-5)","background-image":"","background-repeat":"repeat","background-position":"center center","background-size":"auto","background-attachment":"scroll","background-type":"","background-media":"","overlay-type":"","overlay-color":"","overlay-opacity":"","overlay-gradient":""},"tablet":{"background-color":"var(--ast-global-color-5)","background-image":"","background-repeat":"repeat","background-position":"center center","background-size":"auto","background-attachment":"scroll","background-type":"","background-media":"","overlay-type":"","overlay-color":"","overlay-opacity":"","overlay-gradient":""},"mobile":{"background-color":"var(--ast-global-color-5)","background-image":"","background-repeat":"repeat","background-position":"center center","background-size":"auto","background-attachment":"scroll","background-type":"","background-media":"","overlay-type":"","overlay-color":"","overlay-opacity":"","overlay-gradient":""}},"footnotes":""},"categories":[14],"tags":[],"class_list":["post-732","post","type-post","status-publish","format-standard","has-post-thumbnail","hentry","category-instituciones-de-educacion-superior"],"_links":{"self":[{"href":"https:\/\/redunete.net\/home\/wp-json\/wp\/v2\/posts\/732","targetHints":{"allow":["GET"]}}],"collection":[{"href":"https:\/\/redunete.net\/home\/wp-json\/wp\/v2\/posts"}],"about":[{"href":"https:\/\/redunete.net\/home\/wp-json\/wp\/v2\/types\/post"}],"author":[{"embeddable":true,"href":"https:\/\/redunete.net\/home\/wp-json\/wp\/v2\/users\/2"}],"replies":[{"embeddable":true,"href":"https:\/\/redunete.net\/home\/wp-json\/wp\/v2\/comments?post=732"}],"version-history":[{"count":3,"href":"https:\/\/redunete.net\/home\/wp-json\/wp\/v2\/posts\/732\/revisions"}],"predecessor-version":[{"id":891,"href":"https:\/\/redunete.net\/home\/wp-json\/wp\/v2\/posts\/732\/revisions\/891"}],"wp:featuredmedia":[{"embeddable":true,"href":"https:\/\/redunete.net\/home\/wp-json\/wp\/v2\/media\/289"}],"wp:attachment":[{"href":"https:\/\/redunete.net\/home\/wp-json\/wp\/v2\/media?parent=732"}],"wp:term":[{"taxonomy":"category","embeddable":true,"href":"https:\/\/redunete.net\/home\/wp-json\/wp\/v2\/categories?post=732"},{"taxonomy":"post_tag","embeddable":true,"href":"https:\/\/redunete.net\/home\/wp-json\/wp\/v2\/tags?post=732"}],"curies":[{"name":"wp","href":"https:\/\/api.w.org\/{rel}","templated":true}]}}