{"id":723,"date":"2024-09-26T16:12:06","date_gmt":"2024-09-26T16:12:06","guid":{"rendered":"https:\/\/redunete.net\/home\/?p=723"},"modified":"2024-09-26T20:38:52","modified_gmt":"2024-09-26T20:38:52","slug":"universidad-cooperativa-de-colombia","status":"publish","type":"post","link":"https:\/\/redunete.net\/home\/universidad-cooperativa-de-colombia\/","title":{"rendered":"Universidad Cooperativa de Colombia"},"content":{"rendered":"\n<p><\/p>\n\n\n\n<div class=\"wp-block-columns are-vertically-aligned-center is-layout-flex wp-container-core-columns-is-layout-28f84493 wp-block-columns-is-layout-flex\">\n<div class=\"wp-block-column is-vertically-aligned-center is-layout-flow wp-block-column-is-layout-flow\" style=\"flex-basis:33.33%\">\n<figure class=\"wp-block-image size-full is-resized\"><img decoding=\"async\" width=\"150\" height=\"150\" src=\"https:\/\/redunete.net\/home\/wp-content\/uploads\/2024\/09\/Diapositiva11-150x150-1.webp\" alt=\"\" class=\"wp-image-293\" style=\"width:207px;height:auto\"\/><\/figure>\n<\/div>\n\n\n\n<div class=\"wp-block-column is-vertically-aligned-center is-layout-flow wp-block-column-is-layout-flow\" style=\"flex-basis:66.66%\">\n<p>La Universidad Cooperativa de Colombia es una universidad multicampus de propiedad social, EDUCAMOS personas con las competencias para responder a las din\u00e1micas del mundo, contribuimos a la construcci\u00f3n y difusi\u00f3n del conocimiento, apoyamos el desarrollo competitivo del pa\u00eds a trav\u00e9s de sus organizaciones y buscamos el mejoramiento de la calidad de vida de las comunidades, influidos por la econom\u00eda solidaria que nos dio origen.<\/p>\n<\/div>\n<\/div>\n\n\n\n<p>La Universidad Cooperativa de Colombia desde sus 18 sedes, contribuye al proyecto con una perspectiva nacional sobre el efecto e impacto de las tecnolog\u00edas digitales, concebidas como mediadoras del proceso de ense\u00f1anza y aprendizaje.<\/p>\n\n\n\n<p><\/p>\n","protected":false},"excerpt":{"rendered":"<p>La Universidad Cooperativa de Colombia es una universidad multicampus de propiedad social, EDUCAMOS personas con las competencias para responder a [&hellip;]<\/p>\n","protected":false},"author":2,"featured_media":293,"comment_status":"open","ping_status":"open","sticky":false,"template":"","format":"standard","meta":{"site-sidebar-layout":"default","site-content-layout":"","ast-site-content-layout":"default","site-content-style":"default","site-sidebar-style":"default","ast-global-header-display":"","ast-banner-title-visibility":"","ast-main-header-display":"","ast-hfb-above-header-display":"","ast-hfb-below-header-display":"","ast-hfb-mobile-header-display":"","site-post-title":"","ast-breadcrumbs-content":"","ast-featured-img":"","footer-sml-layout":"","ast-disable-related-posts":"","theme-transparent-header-meta":"","adv-header-id-meta":"","stick-header-meta":"","header-above-stick-meta":"","header-main-stick-meta":"","header-below-stick-meta":"","astra-migrate-meta-layouts":"default","ast-page-background-enabled":"default","ast-page-background-meta":{"desktop":{"background-color":"var(--ast-global-color-4)","background-image":"","background-repeat":"repeat","background-position":"center center","background-size":"auto","background-attachment":"scroll","background-type":"","background-media":"","overlay-type":"","overlay-color":"","overlay-opacity":"","overlay-gradient":""},"tablet":{"background-color":"","background-image":"","background-repeat":"repeat","background-position":"center center","background-size":"auto","background-attachment":"scroll","background-type":"","background-media":"","overlay-type":"","overlay-color":"","overlay-opacity":"","overlay-gradient":""},"mobile":{"background-color":"","background-image":"","background-repeat":"repeat","background-position":"center center","background-size":"auto","background-attachment":"scroll","background-type":"","background-media":"","overlay-type":"","overlay-color":"","overlay-opacity":"","overlay-gradient":""}},"ast-content-background-meta":{"desktop":{"background-color":"var(--ast-global-color-5)","background-image":"","background-repeat":"repeat","background-position":"center center","background-size":"auto","background-attachment":"scroll","background-type":"","background-media":"","overlay-type":"","overlay-color":"","overlay-opacity":"","overlay-gradient":""},"tablet":{"background-color":"var(--ast-global-color-5)","background-image":"","background-repeat":"repeat","background-position":"center center","background-size":"auto","background-attachment":"scroll","background-type":"","background-media":"","overlay-type":"","overlay-color":"","overlay-opacity":"","overlay-gradient":""},"mobile":{"background-color":"var(--ast-global-color-5)","background-image":"","background-repeat":"repeat","background-position":"center center","background-size":"auto","background-attachment":"scroll","background-type":"","background-media":"","overlay-type":"","overlay-color":"","overlay-opacity":"","overlay-gradient":""}},"footnotes":""},"categories":[14],"tags":[],"class_list":["post-723","post","type-post","status-publish","format-standard","has-post-thumbnail","hentry","category-instituciones-de-educacion-superior"],"_links":{"self":[{"href":"https:\/\/redunete.net\/home\/wp-json\/wp\/v2\/posts\/723","targetHints":{"allow":["GET"]}}],"collection":[{"href":"https:\/\/redunete.net\/home\/wp-json\/wp\/v2\/posts"}],"about":[{"href":"https:\/\/redunete.net\/home\/wp-json\/wp\/v2\/types\/post"}],"author":[{"embeddable":true,"href":"https:\/\/redunete.net\/home\/wp-json\/wp\/v2\/users\/2"}],"replies":[{"embeddable":true,"href":"https:\/\/redunete.net\/home\/wp-json\/wp\/v2\/comments?post=723"}],"version-history":[{"count":2,"href":"https:\/\/redunete.net\/home\/wp-json\/wp\/v2\/posts\/723\/revisions"}],"predecessor-version":[{"id":874,"href":"https:\/\/redunete.net\/home\/wp-json\/wp\/v2\/posts\/723\/revisions\/874"}],"wp:featuredmedia":[{"embeddable":true,"href":"https:\/\/redunete.net\/home\/wp-json\/wp\/v2\/media\/293"}],"wp:attachment":[{"href":"https:\/\/redunete.net\/home\/wp-json\/wp\/v2\/media?parent=723"}],"wp:term":[{"taxonomy":"category","embeddable":true,"href":"https:\/\/redunete.net\/home\/wp-json\/wp\/v2\/categories?post=723"},{"taxonomy":"post_tag","embeddable":true,"href":"https:\/\/redunete.net\/home\/wp-json\/wp\/v2\/tags?post=723"}],"curies":[{"name":"wp","href":"https:\/\/api.w.org\/{rel}","templated":true}]}}